{"id":38546,"date":"2026-09-01T14:42:13","date_gmt":"2026-09-01T12:42:13","guid":{"rendered":"https:\/\/www.verdi.bz.it\/?p=38546"},"modified":"2026-09-01T14:42:13","modified_gmt":"2026-09-01T12:42:13","slug":"verdi-proteggiamo-le-persone-da-caldo-ed-estremismi","status":"publish","type":"post","link":"https:\/\/www.verdi.bz.it\/it\/verdi-proteggiamo-le-persone-da-caldo-ed-estremismi\/","title":{"rendered":"Verdi: proteggiamo le persone da caldo ed estremismi"},"content":{"rendered":"<p><strong><em>Comunicato stampa<\/em><\/strong><\/p>\n<p><strong>Il cambiamento climatico non si pu\u00f2 pi\u00f9 ignorare: anche nella nostra provincia serve un piano per adattarvisi. Cosa propongono i Verdi per la seduta del Consiglio provinciale di settembre.<\/strong><\/p>\n<p>\u201cQuest\u2019anno abbiamo sofferto una delle estati pi\u00f9 calde di sempre. Il caldo \u00e8 ormai una problematica reale per la salute pubblica, che non possiamo pi\u00f9 ignorare. Non possiamo lasciare che la possibilit\u00e0 di proteggersi dipenda dal reddito: la protezione dal caldo \u00e8 una responsabilit\u00e0 collettiva\u201d, afferma Zeno Oberkofler.<\/p>\n<p>La mozione del Gruppo Verde, presentata da Zeno Oberkofler che sar\u00e0 discussa durante la seduta del Consiglio provinciale di settembre, chiede un piano provinciale per la protezione dal caldo, con misure coordinate per rendere gli edifici pubblici, come ad esempio scuole e case di riposo, pi\u00f9 resistenti alle ondate di calore, introducendo ombra e zone fresche, oltre che misure per salvaguardale le persone vulnerabili. Tra le proposte anche una rete di \u201cCool Zones\u201d gratuite \u2013 citt\u00e0 come Roma, Napoli, Firenze, Milano e Bologna ci danno il buon esempio \u2013 pi\u00f9 fontanelle, zone d\u2019ombra e spazi freschi accessibili a tutt*.<\/p>\n<p>\u201cOrmai dobbiamo adattarci e anticipare i cambiamenti: solo cos\u00ec possiamo evitare di finire sempre di pi\u00f9 nella morsa del caldo, con tutto ci\u00f2 che ne consegue per la salute\u201d, concludono Zeno Oberkofler, Brigitte Foppa e Madeleine Rohrer.<\/p>\n<p><strong>\u00a0<\/strong><\/p>\n<p><strong>Maggiori informazioni: <\/strong><a href=\"https:\/\/www.consiglio-bz.org\/it\/atti-politici\/813012\">L\u2019Alto Adige ha bisogno di un piano di protezione dal caldo<\/a><\/p>\n<p>&nbsp;<\/p>\n<p style=\"text-align: right;\"><em>Bolzano, 31\/08\/2026<\/em><\/p>\n<p><strong>Cons. prov.<\/strong><\/p>\n<p><strong>Zeno Oberkofler<br \/>\nBrigitte Foppa<br \/>\nMadeleine Rohrer <\/strong><\/p>\n","protected":false},"excerpt":{"rendered":"<p>Comunicato stampa Il cambiamento climatico non si pu\u00f2 pi\u00f9 ignorare: anche nella nostra provincia serve un piano per adattarvisi. Cosa propongono i Verdi per la seduta del Consiglio provinciale di settembre. \u201cQuest\u2019anno abbiamo sofferto una delle estati pi\u00f9 calde di sempre. Il caldo \u00e8 ormai [&hellip;]<\/p>\n","protected":false},"author":13,"featured_media":22535,"comment_status":"open","ping_status":"open","sticky":false,"template":"","format":"standard","meta":[],"categories":[975,1095,1071,339,1032,873],"tags":[],"_links":{"self":[{"href":"https:\/\/www.verdi.bz.it\/it\/wp-json\/wp\/v2\/posts\/38546"}],"collection":[{"href":"https:\/\/www.verdi.bz.it\/it\/wp-json\/wp\/v2\/posts"}],"about":[{"href":"https:\/\/www.verdi.bz.it\/it\/wp-json\/wp\/v2\/types\/post"}],"author":[{"embeddable":true,"href":"https:\/\/www.verdi.bz.it\/it\/wp-json\/wp\/v2\/users\/13"}],"replies":[{"embeddable":true,"href":"https:\/\/www.verdi.bz.it\/it\/wp-json\/wp\/v2\/comments?post=38546"}],"version-history":[{"count":1,"href":"https:\/\/www.verdi.bz.it\/it\/wp-json\/wp\/v2\/posts\/38546\/revisions"}],"predecessor-version":[{"id":38547,"href":"https:\/\/www.verdi.bz.it\/it\/wp-json\/wp\/v2\/posts\/38546\/revisions\/38547"}],"wp:featuredmedia":[{"embeddable":true,"href":"https:\/\/www.verdi.bz.it\/it\/wp-json\/wp\/v2\/media\/22535"}],"wp:attachment":[{"href":"https:\/\/www.verdi.bz.it\/it\/wp-json\/wp\/v2\/media?parent=38546"}],"wp:term":[{"taxonomy":"category","embeddable":true,"href":"https:\/\/www.verdi.bz.it\/it\/wp-json\/wp\/v2\/categories?post=38546"},{"taxonomy":"post_tag","embeddable":true,"href":"https:\/\/www.verdi.bz.it\/it\/wp-json\/wp\/v2\/tags?post=38546"}],"curies":[{"name":"wp","href":"https:\/\/api.w.org\/{rel}","templated":true}]}}