{"id":38541,"date":"2026-08-26T08:58:51","date_gmt":"2026-08-26T06:58:51","guid":{"rendered":"https:\/\/www.verdi.bz.it\/?p=38541"},"modified":"2026-08-27T09:00:06","modified_gmt":"2026-08-27T07:00:06","slug":"il-piano-b-e-ancora-peggio-della-proposta-originale-di-urzi","status":"publish","type":"post","link":"https:\/\/www.verdi.bz.it\/it\/il-piano-b-e-ancora-peggio-della-proposta-originale-di-urzi\/","title":{"rendered":"Il \u201cPiano B\u201d \u00e8 ancora peggio della proposta originale di Urz\u00ec"},"content":{"rendered":"<p dir=\"ltr\">Prima la SVP ha cercato di farci credere di non sapere nulla della ridefinizione del collegio elettorale Bolzano-Bassa Atesina. In realt\u00e0 il tutto faceva parte dell\u2019accordo con Fratelli d\u2019Italia. Ora arriva con un presunto \u201cPiano B\u201d \u2013 che \u00e8 ancora peggiore della proposta originaria di Alessandro Urz\u00ec.<\/p>\n<p dir=\"ltr\">Con questo Piano B la logica della proposta di Urz\u00ec viene ulteriormente inasprita: il collegio viene ritagliato ancora di pi\u00f9 a favore della destra \u2013 Trump docet \u2013 e allo stesso tempo la separazione etnica dei gruppi linguistici viene definitivamente cementata.<\/p>\n<p dir=\"ltr\">\u201cQuesto ci riporta indietro alla logica degli anni \u201870, al dogma dell\u2019ex assessore provinciale SVP alla scuola Anton Zelger, che un tempo affermava: \u2018Pi\u00f9 nettamente ci separiamo, meglio ci capiamo\u201c. \u00c8 triste vedere quanto SVP, Fratelli d\u2019Italia, Forza Italia e Freiheitliche argomentino su questo tema con schemi etnici del passato.\u201d, dichiarano i co-portavoce dei Verdi Zeno Oberkofler e Kathrin Werth.<\/p>\n<p dir=\"ltr\">\u201c\u00c8 la stessa coalizione che solo pochi mesi fa si vantava della riforma dell\u2019autonomia. Non c\u2019\u00e8 voluto molto per vedere quale valore il governo e i suoi rappresentanti locali attribuiscano davvero alla convivenza tra i gruppi linguistici in Alto Adige\u201d, dichiara Kathrin Werth.<\/p>\n<p dir=\"ltr\">\u201cLa SVP evidentemente non sa pi\u00f9 come uscire da questo pasticcio che si \u00e8 creata da sola. E poich\u00e9 le manca il coraggio di mettere sul tavolo delle trattative la continuazione della coalizione, ora si piega sia davanti a Fratelli d\u2019Italia e Forza Italia, sia davanti ai Freiheitlichen\u201d, conclude Oberkofler.<\/p>\n","protected":false},"excerpt":{"rendered":"<p>Prima la SVP ha cercato di farci credere di non sapere nulla della ridefinizione del collegio elettorale Bolzano-Bassa Atesina. In realt\u00e0 il tutto faceva parte dell\u2019accordo con Fratelli d\u2019Italia. Ora arriva con un presunto \u201cPiano B\u201d \u2013 che \u00e8 ancora peggiore della proposta originaria di [&hellip;]<\/p>\n","protected":false},"author":4,"featured_media":38528,"comment_status":"open","ping_status":"open","sticky":false,"template":"","format":"standard","meta":[],"categories":[1095,1071,873,497],"tags":[],"_links":{"self":[{"href":"https:\/\/www.verdi.bz.it\/it\/wp-json\/wp\/v2\/posts\/38541"}],"collection":[{"href":"https:\/\/www.verdi.bz.it\/it\/wp-json\/wp\/v2\/posts"}],"about":[{"href":"https:\/\/www.verdi.bz.it\/it\/wp-json\/wp\/v2\/types\/post"}],"author":[{"embeddable":true,"href":"https:\/\/www.verdi.bz.it\/it\/wp-json\/wp\/v2\/users\/4"}],"replies":[{"embeddable":true,"href":"https:\/\/www.verdi.bz.it\/it\/wp-json\/wp\/v2\/comments?post=38541"}],"version-history":[{"count":1,"href":"https:\/\/www.verdi.bz.it\/it\/wp-json\/wp\/v2\/posts\/38541\/revisions"}],"predecessor-version":[{"id":38542,"href":"https:\/\/www.verdi.bz.it\/it\/wp-json\/wp\/v2\/posts\/38541\/revisions\/38542"}],"wp:featuredmedia":[{"embeddable":true,"href":"https:\/\/www.verdi.bz.it\/it\/wp-json\/wp\/v2\/media\/38528"}],"wp:attachment":[{"href":"https:\/\/www.verdi.bz.it\/it\/wp-json\/wp\/v2\/media?parent=38541"}],"wp:term":[{"taxonomy":"category","embeddable":true,"href":"https:\/\/www.verdi.bz.it\/it\/wp-json\/wp\/v2\/categories?post=38541"},{"taxonomy":"post_tag","embeddable":true,"href":"https:\/\/www.verdi.bz.it\/it\/wp-json\/wp\/v2\/tags?post=38541"}],"curies":[{"name":"wp","href":"https:\/\/api.w.org\/{rel}","templated":true}]}}