{"id":30512,"date":"2022-03-24T14:46:41","date_gmt":"2022-03-24T13:46:41","guid":{"rendered":"https:\/\/www.verdi.bz.it\/?p=30512"},"modified":"2022-09-05T14:53:28","modified_gmt":"2022-09-05T12:53:28","slug":"funivia-tires-malga-frommer-difforme-dal-progetto-verra-revocato-il-finanziamento","status":"publish","type":"post","link":"https:\/\/www.verdi.bz.it\/it\/funivia-tires-malga-frommer-difforme-dal-progetto-verra-revocato-il-finanziamento\/","title":{"rendered":"Funivia Tires-Malga Frommer difforme dal progetto: verr\u00e0 revocato il finanziamento?"},"content":{"rendered":"<p>INTERROGAZIONE SU TEMI D\u2019ATTUALIT\u00c0.<\/p>\n<p><strong>Si chiede alla Giunta provinciale:<\/strong><\/p>\n<ol>\n<li>E\u2019 vero che la funivia Tires-Malga Frommer, cos\u00ec come realizzata, presenta difformit\u00e0 rispetto al progetto presentato? Se s\u00ec, quali sono queste difformit\u00e0?<\/li>\n<li>Se \u00e8 stata realizzata una cubatura maggiore rispetto al progetto, di quanto \u00e8 maggiore questa cubatura (in termini assoluti e percentuali) e in quali parti dell\u2019opera \u00e8 stata realizzata?<\/li>\n<li>Tali difformit\u00e0 sono sanabili? Se s\u00ec, in base a quale normativa e a quali condizioni?<\/li>\n<li>Se invece le difformit\u00e0 non sono sanabili, quali sono le misure che devono essere prese? Quali obblighi hanno gli enti pubblici e quali la \u201cTierser Seilbahn AG\u201d, proprietaria dell\u2019opera?<\/li>\n<li>L\u2019opera \u00e8 stata finanziata per il 75% dalla Provincia con 13 milioni di euro su una spesa ammessa di 15,8 milioni. Poich\u00e9 nella domanda per la liquidazione del contributo si deve dichiarare <strong>\u201cche i relativi lavori sono stati eseguiti conformemente al progetto allegato alla relativa richiesta di finanziamento\u201d<\/strong>, l\u2019accertata difformit\u00e0 comporta che la societ\u00e0 ha dichiarato qualcosa che non corrisponde al vero ed ha <strong>come conseguenza la revoca del finanziamento<\/strong>?<\/li>\n<\/ol>\n<p style=\"text-align: right;\">Bolzano, 24.03.2022<\/p>\n<p>Cons. prov.<br \/>\nRiccardo Dello Sbarba<br \/>\nBrigitte Foppa<br \/>\nHanspeter Staffler<\/p>\n<p>Qui la <a href=\"http:\/\/www2.landtag-bz.org\/documenti_pdf\/idap_650548.pdf\">risposta dell&#8217;assessore.<\/a><\/p>\n","protected":false},"excerpt":{"rendered":"<p>INTERROGAZIONE SU TEMI D\u2019ATTUALIT\u00c0. Si chiede alla Giunta provinciale: E\u2019 vero che la funivia Tires-Malga Frommer, cos\u00ec come realizzata, presenta difformit\u00e0 rispetto al progetto presentato? Se s\u00ec, quali sono queste difformit\u00e0? Se \u00e8 stata realizzata una cubatura maggiore rispetto al progetto, di quanto \u00e8 maggiore [&hellip;]<\/p>\n","protected":false},"author":13,"featured_media":30513,"comment_status":"open","ping_status":"open","sticky":false,"template":"","format":"standard","meta":[],"categories":[975,673,1033,1071,339,665,1045],"tags":[],"_links":{"self":[{"href":"https:\/\/www.verdi.bz.it\/it\/wp-json\/wp\/v2\/posts\/30512"}],"collection":[{"href":"https:\/\/www.verdi.bz.it\/it\/wp-json\/wp\/v2\/posts"}],"about":[{"href":"https:\/\/www.verdi.bz.it\/it\/wp-json\/wp\/v2\/types\/post"}],"author":[{"embeddable":true,"href":"https:\/\/www.verdi.bz.it\/it\/wp-json\/wp\/v2\/users\/13"}],"replies":[{"embeddable":true,"href":"https:\/\/www.verdi.bz.it\/it\/wp-json\/wp\/v2\/comments?post=30512"}],"version-history":[{"count":2,"href":"https:\/\/www.verdi.bz.it\/it\/wp-json\/wp\/v2\/posts\/30512\/revisions"}],"predecessor-version":[{"id":31936,"href":"https:\/\/www.verdi.bz.it\/it\/wp-json\/wp\/v2\/posts\/30512\/revisions\/31936"}],"wp:featuredmedia":[{"embeddable":true,"href":"https:\/\/www.verdi.bz.it\/it\/wp-json\/wp\/v2\/media\/30513"}],"wp:attachment":[{"href":"https:\/\/www.verdi.bz.it\/it\/wp-json\/wp\/v2\/media?parent=30512"}],"wp:term":[{"taxonomy":"category","embeddable":true,"href":"https:\/\/www.verdi.bz.it\/it\/wp-json\/wp\/v2\/categories?post=30512"},{"taxonomy":"post_tag","embeddable":true,"href":"https:\/\/www.verdi.bz.it\/it\/wp-json\/wp\/v2\/tags?post=30512"}],"curies":[{"name":"wp","href":"https:\/\/api.w.org\/{rel}","templated":true}]}}